{"id":2302,"date":"2023-06-13T10:52:00","date_gmt":"2023-06-13T14:52:00","guid":{"rendered":"https:\/\/firstascentstaging.com\/hpx-main\/?p=2302"},"modified":"2023-11-29T03:10:49","modified_gmt":"2023-11-29T08:10:49","slug":"harry-potter-the-exhibition-abrira-sus-puertas-en-barcelona-este-otono","status":"publish","type":"post","link":"https:\/\/harrypotterexhibition.com\/cs\/press\/harry-potter-the-exhibition-abrira-sus-puertas-en-barcelona-este-otono\/","title":{"rendered":"HARRY POTTER\u2122: THE EXHIBITION ABRIR\u00c1 SUS PUERTAS EN BARCELONA ESTE OTO\u00d1O"},"content":{"rendered":"<h3 class=\"wp-block-heading has-text-align-center\">POR TIEMPO LIMITADO<\/h3>\n\n\n\n<p class=\"has-text-align-center\"><a href=\"https:\/\/barcelona.harrypotterexhibition.com\/#signupform\" target=\"_blank\" rel=\"noreferrer noopener\"><em>Ap\u00fantate hoy a la lista de espera<\/em><\/a><\/p>\n\n\n\n<p><\/p>\n\n\n\n<p><br><\/p>\n\n\n\n<p><strong>Barcelona, ESPA\u00d1A&nbsp;<\/strong>(13 de junio de 2023) \u2013 Harry Potter\u2122: The Exhibition, la exposici\u00f3n itinerante m\u00e1s completa jam\u00e1s presentada sobre el Wizarding World, que ya ha recibido m\u00e1s de 1,2 millones de visitantes en todo el mundo, contin\u00faa su tour y se inaugurar\u00e1 en Barcelona este oto\u00f1o. <br><br>S\u00e9 el primero en conocer esta experiencia y \u00fanete a la lista de espera hoy en&nbsp;<a href=\"https:\/\/barcelona.harrypotterexhibition.com\/#signupform\" target=\"_blank\" rel=\"noreferrer noopener\">barcelona.harrypotterexhibition.com.<\/a>.&nbsp;<\/p>\n\n\n\n<p><br>Tom Zaller, presidente y CEO de Imagine Exhibitions, quien ha creado y producido la exposici\u00f3n, ha declarado:<em>&nbsp;\u201cEstamos encantados de llevar la exposici\u00f3n de Harry Potter a los fans de Barcelona, as\u00ed como a los visitantes de la ciudad y de toda Espa\u00f1a. Esta exposici\u00f3n celebra el Wizarding World como ninguna otra experiencia itinerante \u2013 tanto si eres un fan de toda la vida de Harry Potter como si acabas de descubrir el Wizarding World, hay algo para todos en esta exposici\u00f3n\u201d.<\/em><\/p>\n\n\n\n<p><br>En la exposici\u00f3n, los visitantes pueden practicar sus habilidades de Quidditch\u2122, preparar una poci\u00f3n, replantar una mandr\u00e1gora, ganar puntos para tu casa de Hogwarts\u2122 y mucho m\u00e1s, todo mientras conoces la magia cinematogr\u00e1fica que hay detr\u00e1s de las c\u00e1maras. Se conmemoran los momentos, personajes, escenarios y animales ic\u00f3nicos de las pel\u00edculas y las historias de Harry Potter y Animales Fant\u00e1sticos\u2122, as\u00ed como las maravillas del Wizarding World, incluidos los trajes, el atrezo y las im\u00e1genes de la producci\u00f3n de Broadway Harry Potter y el legado maldito, ganadora de varios premios Tony\u00ae. Los visitantes pueden experimentar los entornos perfectamente elaborados que conmemoran muchos de los momentos inolvidables que los fan\u00e1ticos y el p\u00fablico han disfrutado durante m\u00e1s de dos d\u00e9cadas. Y pueden ver de cerca todo, desde trajes originales hasta accesorios aut\u00e9nticos mientras realizan un recorrido personalizado a trav\u00e9s de entornos innovadores, impresionantes y m\u00e1gicos gracias a un dise\u00f1o y tecnolog\u00eda inmersivos de primer nivel. A medida que los visitantes se sumergen en cada galer\u00eda, sus interacciones quedan registradas mediante pulseras RFID que ofrecen experiencias \u00fanicas vinculadas a su perfil de visitante.&nbsp;<\/p>\n\n\n\n<p><br>La exposici\u00f3n ha sido creada y desarrollada por Imagine Exhibitions en asociaci\u00f3n con Warner Bros. Discovery Global Themed Entertainment y EMC Presents.<\/p>\n\n\n\n<p><br>Fans are encouraged to follow<a href=\"https:\/\/harrypotterexhibition.com\/cs\/\" target=\"_blank\" rel=\"noreferrer noopener\">&nbsp;Harry Potter: The Exhibition<\/a>&nbsp;on<a href=\"https:\/\/www.facebook.com\/Harry-Potter-The-Exhibition-104783201990750\" target=\"_blank\" rel=\"noreferrer noopener\">&nbsp;Facebook,<\/a><a href=\"https:\/\/www.instagram.com\/harrypotter_exhibition\/\" target=\"_blank\" rel=\"noreferrer noopener\">&nbsp;Instagram<\/a>a<a href=\"https:\/\/twitter.com\/HP_Exhibition\" target=\"_blank\" rel=\"noreferrer noopener\">&nbsp;Twitter<\/a>. #HarryPotterExhibition<\/p>\n\n\n\n<p class=\"has-secondary-color has-text-color\"><br><strong>Acerca del Wizarding World:<\/strong><\/p>\n\n\n\n<p>En los a\u00f1os transcurridos desde que Harry Potter\u2122 fue llevado desde la estaci\u00f3n de King\u2019s Cross al and\u00e9n nueve y tres cuartos, sus incre\u00edbles aventuras han dejado una huella \u00fanica y permanente en la cultura popular. Los ocho \u00e9xitos de taquilla de Harry Potter basados en las historias originales de J.K. Rowling han dado vida a las historias m\u00e1gicas y, hoy en d\u00eda, el Mundo M\u00e1gico es reconocido como una de las marcas m\u00e1s apreciadas del mundo.<\/p>\n\n\n\n<p><br>El inmenso universo interconectado que representa tambi\u00e9n incluye tres pel\u00edculas \u00e9picas; de Animales Fant\u00e1sticos, Harry Potter y el legado maldito; la representaci\u00f3n teatral varias veces galardonada, los videojuegos de \u00faltima generaci\u00f3n y los juegos para m\u00f3viles de Portkey Games, productos innovadores, entretenimiento en vivo sensacional (incluidos cuatro parques tem\u00e1ticos), las exposiciones elaboradas al detalle as\u00ed como una serie de televisi\u00f3n de Harry Potter que se estrenar\u00e1 pr\u00f3ximamente.<\/p>\n\n\n\n<p>Este abanico de giras y distribuci\u00f3n en expansi\u00f3n del Mundo m\u00e1gico de Warner Bros. Discovery tambi\u00e9n incluye el emblem\u00e1tico Harry Potter New York, Warner Bros. Studio Tour London; el Making of Harry Potter, Warner Bros. Studio Tour Tokyo, y las tiendas del And\u00e9n 9 3\u20444 londinense.<\/p>\n\n\n\n<p><br>El Wizarding World contin\u00faa evolucionando para ofrecer a los aficionados a Harry Potter nuevas y emocionantes formas de participar. El Wizarding World da la bienvenida a la comunidad de fans de todo el mundo y las generaciones venideras a explorar y descubrir la magia por s\u00ed mismos.<\/p>\n\n\n\n<p class=\"has-secondary-color has-text-color\"><br><strong>About Warner Bros. Discovery Global Themed Entertainment<\/strong><\/p>\n\n\n\n<p>Warner Bros. Discovery Themed Entertainment (WBDGTE), parte de Warner Bros. Discovery Global Brands, Franchises and Experiences, es l\u00edder mundial en la creaci\u00f3n, desarrollo y concesi\u00f3n de licencias de entretenimiento seg\u00fan la ubicaci\u00f3n, eventos en vivo, exposiciones y experiencias de parques tem\u00e1ticos basadas en los personajes, historias y marcas ic\u00f3nicas de Warner Bros. WBDGTE es cuna de las innovadoras ubicaciones mundiales de El Wizarding World de Harry Potter\u2122, Warner Bros. World Abu Dhabi, WB Movie World Australia e innumerables experiencias inspiradas en DC, Looney Tunes, Scooby, Juego de Tronos, Friends y muchos m\u00e1s. Con los mejores socios, WBDGTE permite a los aficionados de todo el mundo sumergirse f\u00edsicamente en sus marcas y franquicias favoritas.<\/p>\n\n\n\n<p><br><small>El Wizarding World&nbsp;y todas las marcas comerciales, personajes, nombres e indicios relacionados son \u00a9 y \u2122 de Warner Bros. Entertainment Inc. \u00a9 JKR. (s23)<\/small><\/p>\n\n\n\n<p class=\"has-secondary-color has-text-color\"><br><strong>Acerca de Imagine Exhibitions<\/strong><\/p>\n\n\n\n<p>La compa\u00f1\u00eda con base en Atlanta, Imagine Exhibitions, INC., l\u00edder mundial en dise\u00f1o teatral inmersivo, narraci\u00f3n de historias y experiencias inmersivas impulsadas por la narrativa, crea experiencias sofisticadas y de gran calidad para museos, marcas, lugares y resorts integrados de todo el mundo. El equipo pionero en la industria de Imagines cosecha d\u00e9cadas de \u00e9xitos en los campos de las experiencias de dise\u00f1o inmersivo y el entretenimiento, de principio a fin, para crear e implementar entornos memorables y estimulantes. Las experiencias personalizadas ofrecen mensajes concretos y sirven para aumentar la asistencia all\u00ed donde se presenten. Imagine Exhibitions, Inc., pionera mundial en entretenimiento itinerante, es art\u00edfice de numerosas exposiciones reconocidas internacionalmente como Harry Potter: The Exhibition, Titanic: The Exhibition, The Hunger Games: The Exhibition, Angry Birds: The Art &amp; Science Behind a Global Phenomenon, Jurassic World: The Exhibition y Downton Abbey: The Exhibition. Imagine Exhibitions cuenta actualmente con m\u00e1s de 40 exposiciones \u00fanicas en museos, centros cient\u00edficos, acuarios, resorts integrados y lugares no tradicionales de todo el mundo. La empresa tambi\u00e9n contin\u00faa dise\u00f1ando, abriendo y operando sus propios espacios, adem\u00e1s de crear y desarrollar museos permanentes y semipermanentes, marcas, recintos de ocio y experiencias gastron\u00f3micas. Para obtener m\u00e1s informaci\u00f3n, visita&nbsp;<a href=\"http:\/\/www.imagineexhibitions.com\/\" target=\"_blank\" rel=\"noreferrer noopener\">www.ImagineExhibitions.com<\/a>&nbsp;o b\u00fascanos en Facebook.<\/p>\n\n\n\n<p class=\"has-secondary-color has-text-color\"><br><strong>About EMC Events<\/strong><\/p>\n\n\n\n<p>EMC Presents es una asociaci\u00f3n entre CTS Eventim, uno de los principales proveedores internacionales de servicios de venta de entradas y ocio en vivo, y el galardonado promotor y productor Michael Cohl, lo que conforma una de las redes de promotores y de recintos de ocio m\u00e1s potentes del mundo. La asociaci\u00f3n ofrece una plataforma integral global de entretenimiento en vivo y crea espect\u00e1culos y experiencias incre\u00edbles, desde la fase de creaci\u00f3n del concepto hasta la producci\u00f3n y la promoci\u00f3n. La carrera profesional de Michael Cohl comprende m\u00e1s de 45 a\u00f1os como productor y promotor de artistas ic\u00f3nicos, habiendo trabajado con los artistas m\u00e1s reconocidos del mundo, como Barbra Streisand, Oprah Winfrey, The Rolling Stones, Pink Floyd, U2, Michael Jackson, Frank Sinatra y muchos m\u00e1s. A las estrategias de Michael se les atribuye la revoluci\u00f3n del sector de las giras en todo el mundo. Adem\u00e1s de su dilatada trayectoria en la industria musical, Cohl ha promovido numerosas exposiciones de \u00e9xito como la exposici\u00f3n original de King Tut, \u201cJohn Lennon: The New York City Years\u201d, Bodies: The Exhibition, Jurassic World: The Exhibition y Pink Floyd: Their Mortal Remains. Cohl, anteriormente presidente de Live Nation, fue incluido en el Canadian Rock n Roll \/ Music Hall of Fame y recibi\u00f3 una estrella en el Paseo de la Fama de Canad\u00e1. Adem\u00e1s de muchos otros premios, Cohl ha sido tambi\u00e9n galardonado con un Emmy, el Billboard Legend of Live Award, el TJ Martell Foundation Man of the Year Award, un Peabody Award y un JUNO Award for Special Achievement.<\/p>","protected":false},"excerpt":{"rendered":"<p>POR TIEMPO LIMITADO Ap\u00fantate hoy a la lista de espera Barcelona, ESPA\u00d1A&nbsp;(13 de junio de 2023) \u2013 Harry Potter\u2122: The Exhibition, la exposici\u00f3n itinerante m\u00e1s completa jam\u00e1s presentada sobre el [&hellip;]<\/p>\n","protected":false},"author":1,"featured_media":0,"comment_status":"closed","ping_status":"open","sticky":false,"template":"","format":"standard","meta":{"_acf_changed":false,"_monsterinsights_skip_tracking":false,"_monsterinsights_sitenote_active":false,"_monsterinsights_sitenote_note":"","_monsterinsights_sitenote_category":0,"footnotes":""},"categories":[37],"tags":[],"class_list":["post-2302","post","type-post","status-publish","format-standard","hentry","category-barcelona"],"acf":[],"yoast_head":"<!-- This site is optimized with the Yoast SEO plugin v27.5 - https:\/\/yoast.com\/product\/yoast-seo-wordpress\/ -->\n<title>HARRY POTTER\u2122: THE EXHIBITION ABRIR\u00c1 SUS PUERTAS EN BARCELONA ESTE OTO\u00d1O | Harry Potter\u2122: The Exhibition<\/title>\n<meta name=\"robots\" content=\"index, follow, max-snippet:-1, max-image-preview:large, max-video-preview:-1\" \/>\n<link rel=\"canonical\" href=\"https:\/\/harrypotterexhibition.com\/cs\/press\/harry-potter-the-exhibition-abrira-sus-puertas-en-barcelona-este-otono\/\" \/>\n<meta property=\"og:locale\" content=\"cs_CZ\" \/>\n<meta property=\"og:type\" content=\"article\" \/>\n<meta property=\"og:title\" content=\"HARRY POTTER\u2122: THE EXHIBITION ABRIR\u00c1 SUS PUERTAS EN BARCELONA ESTE OTO\u00d1O | Harry Potter\u2122: The Exhibition\" \/>\n<meta property=\"og:description\" content=\"POR TIEMPO LIMITADO Ap\u00fantate hoy a la lista de espera Barcelona, ESPA\u00d1A&nbsp;(13 de junio de 2023) \u2013 Harry Potter\u2122: The Exhibition, la exposici\u00f3n itinerante m\u00e1s completa jam\u00e1s presentada sobre el [&hellip;]\" \/>\n<meta property=\"og:url\" content=\"https:\/\/harrypotterexhibition.com\/cs\/press\/harry-potter-the-exhibition-abrira-sus-puertas-en-barcelona-este-otono\/\" \/>\n<meta property=\"og:site_name\" content=\"Harry Potter\u2122: The Exhibition\" \/>\n<meta property=\"article:published_time\" content=\"2023-06-13T14:52:00+00:00\" \/>\n<meta property=\"article:modified_time\" content=\"2023-11-29T08:10:49+00:00\" \/>\n<meta property=\"og:image\" content=\"https:\/\/harrypotterexhibition.com\/wp-content\/uploads\/2024\/05\/2024-Opengraph.png\" \/>\n\t<meta property=\"og:image:width\" content=\"1200\" \/>\n\t<meta property=\"og:image:height\" content=\"630\" \/>\n\t<meta property=\"og:image:type\" content=\"image\/png\" \/>\n<meta name=\"author\" content=\"fad-admin\" \/>\n<meta name=\"twitter:card\" content=\"summary_large_image\" \/>\n<script type=\"application\/ld+json\" class=\"yoast-schema-graph\">{\"@context\":\"https:\\\/\\\/schema.org\",\"@graph\":[{\"@type\":\"Article\",\"@id\":\"https:\\\/\\\/harrypotterexhibition.com\\\/press\\\/harry-potter-the-exhibition-abrira-sus-puertas-en-barcelona-este-otono\\\/#article\",\"isPartOf\":{\"@id\":\"https:\\\/\\\/harrypotterexhibition.com\\\/press\\\/harry-potter-the-exhibition-abrira-sus-puertas-en-barcelona-este-otono\\\/\"},\"author\":{\"name\":\"fad-admin\",\"@id\":\"https:\\\/\\\/harrypotterexhibition.com\\\/zh\\\/#\\\/schema\\\/person\\\/05e9d8a1d142b9488bf85099cade21ff\"},\"headline\":\"HARRY POTTER\u2122: THE EXHIBITION ABRIR\u00c1 SUS PUERTAS EN BARCELONA ESTE OTO\u00d1O\",\"datePublished\":\"2023-06-13T14:52:00+00:00\",\"dateModified\":\"2023-11-29T08:10:49+00:00\",\"mainEntityOfPage\":{\"@id\":\"https:\\\/\\\/harrypotterexhibition.com\\\/press\\\/harry-potter-the-exhibition-abrira-sus-puertas-en-barcelona-este-otono\\\/\"},\"wordCount\":1350,\"publisher\":{\"@id\":\"https:\\\/\\\/harrypotterexhibition.com\\\/zh\\\/#organization\"},\"articleSection\":[\"Barcelona\"],\"inLanguage\":\"cs\"},{\"@type\":\"WebPage\",\"@id\":\"https:\\\/\\\/harrypotterexhibition.com\\\/press\\\/harry-potter-the-exhibition-abrira-sus-puertas-en-barcelona-este-otono\\\/\",\"url\":\"https:\\\/\\\/harrypotterexhibition.com\\\/press\\\/harry-potter-the-exhibition-abrira-sus-puertas-en-barcelona-este-otono\\\/\",\"name\":\"HARRY POTTER\u2122: THE EXHIBITION ABRIR\u00c1 SUS PUERTAS EN BARCELONA ESTE OTO\u00d1O | Harry Potter\u2122: The Exhibition\",\"isPartOf\":{\"@id\":\"https:\\\/\\\/harrypotterexhibition.com\\\/zh\\\/#website\"},\"datePublished\":\"2023-06-13T14:52:00+00:00\",\"dateModified\":\"2023-11-29T08:10:49+00:00\",\"breadcrumb\":{\"@id\":\"https:\\\/\\\/harrypotterexhibition.com\\\/press\\\/harry-potter-the-exhibition-abrira-sus-puertas-en-barcelona-este-otono\\\/#breadcrumb\"},\"inLanguage\":\"cs\",\"potentialAction\":[{\"@type\":\"ReadAction\",\"target\":[\"https:\\\/\\\/harrypotterexhibition.com\\\/press\\\/harry-potter-the-exhibition-abrira-sus-puertas-en-barcelona-este-otono\\\/\"]}]},{\"@type\":\"BreadcrumbList\",\"@id\":\"https:\\\/\\\/harrypotterexhibition.com\\\/press\\\/harry-potter-the-exhibition-abrira-sus-puertas-en-barcelona-este-otono\\\/#breadcrumb\",\"itemListElement\":[{\"@type\":\"ListItem\",\"position\":1,\"name\":\"Home\",\"item\":\"https:\\\/\\\/harrypotterexhibition.com\\\/\"},{\"@type\":\"ListItem\",\"position\":2,\"name\":\"HARRY POTTER\u2122: THE EXHIBITION ABRIR\u00c1 SUS PUERTAS EN BARCELONA ESTE OTO\u00d1O\"}]},{\"@type\":\"WebSite\",\"@id\":\"https:\\\/\\\/harrypotterexhibition.com\\\/zh\\\/#website\",\"url\":\"https:\\\/\\\/harrypotterexhibition.com\\\/zh\\\/\",\"name\":\"Harry Potter\u2122: The Exhibition\",\"description\":\"\",\"publisher\":{\"@id\":\"https:\\\/\\\/harrypotterexhibition.com\\\/zh\\\/#organization\"},\"potentialAction\":[{\"@type\":\"SearchAction\",\"target\":{\"@type\":\"EntryPoint\",\"urlTemplate\":\"https:\\\/\\\/harrypotterexhibition.com\\\/zh\\\/?s={search_term_string}\"},\"query-input\":{\"@type\":\"PropertyValueSpecification\",\"valueRequired\":true,\"valueName\":\"search_term_string\"}}],\"inLanguage\":\"cs\"},{\"@type\":\"Organization\",\"@id\":\"https:\\\/\\\/harrypotterexhibition.com\\\/zh\\\/#organization\",\"name\":\"Harry Potter\u2122: The Exhibition\",\"url\":\"https:\\\/\\\/harrypotterexhibition.com\\\/zh\\\/\",\"logo\":{\"@type\":\"ImageObject\",\"inLanguage\":\"cs\",\"@id\":\"https:\\\/\\\/harrypotterexhibition.com\\\/zh\\\/#\\\/schema\\\/logo\\\/image\\\/\",\"url\":\"https:\\\/\\\/harrypotterexhibition.com\\\/wp-content\\\/uploads\\\/2023\\\/09\\\/HPX-Footer-Logo.png\",\"contentUrl\":\"https:\\\/\\\/harrypotterexhibition.com\\\/wp-content\\\/uploads\\\/2023\\\/09\\\/HPX-Footer-Logo.png\",\"width\":573,\"height\":501,\"caption\":\"Harry Potter\u2122: The Exhibition\"},\"image\":{\"@id\":\"https:\\\/\\\/harrypotterexhibition.com\\\/zh\\\/#\\\/schema\\\/logo\\\/image\\\/\"}},{\"@type\":\"Person\",\"@id\":\"https:\\\/\\\/harrypotterexhibition.com\\\/zh\\\/#\\\/schema\\\/person\\\/05e9d8a1d142b9488bf85099cade21ff\",\"name\":\"fad-admin\",\"sameAs\":[\"http:\\\/\\\/fad.dock\\\/\"]}]}<\/script>\n<!-- \/ Yoast SEO plugin. -->","yoast_head_json":{"title":"HARRY POTTER\u2122: THE EXHIBITION ABRIR\u00c1 SUS PUERTAS EN BARCELONA ESTE OTO\u00d1O | Harry Potter\u2122: The Exhibition","robots":{"index":"index","follow":"follow","max-snippet":"max-snippet:-1","max-image-preview":"max-image-preview:large","max-video-preview":"max-video-preview:-1"},"canonical":"https:\/\/harrypotterexhibition.com\/cs\/press\/harry-potter-the-exhibition-abrira-sus-puertas-en-barcelona-este-otono\/","og_locale":"cs_CZ","og_type":"article","og_title":"HARRY POTTER\u2122: THE EXHIBITION ABRIR\u00c1 SUS PUERTAS EN BARCELONA ESTE OTO\u00d1O | Harry Potter\u2122: The Exhibition","og_description":"POR TIEMPO LIMITADO Ap\u00fantate hoy a la lista de espera Barcelona, ESPA\u00d1A&nbsp;(13 de junio de 2023) \u2013 Harry Potter\u2122: The Exhibition, la exposici\u00f3n itinerante m\u00e1s completa jam\u00e1s presentada sobre el [&hellip;]","og_url":"https:\/\/harrypotterexhibition.com\/cs\/press\/harry-potter-the-exhibition-abrira-sus-puertas-en-barcelona-este-otono\/","og_site_name":"Harry Potter\u2122: The Exhibition","article_published_time":"2023-06-13T14:52:00+00:00","article_modified_time":"2023-11-29T08:10:49+00:00","og_image":[{"width":1200,"height":630,"url":"https:\/\/harrypotterexhibition.com\/wp-content\/uploads\/2024\/05\/2024-Opengraph.png","type":"image\/png"}],"author":"fad-admin","twitter_card":"summary_large_image","schema":{"@context":"https:\/\/schema.org","@graph":[{"@type":"Article","@id":"https:\/\/harrypotterexhibition.com\/press\/harry-potter-the-exhibition-abrira-sus-puertas-en-barcelona-este-otono\/#article","isPartOf":{"@id":"https:\/\/harrypotterexhibition.com\/press\/harry-potter-the-exhibition-abrira-sus-puertas-en-barcelona-este-otono\/"},"author":{"name":"fad-admin","@id":"https:\/\/harrypotterexhibition.com\/zh\/#\/schema\/person\/05e9d8a1d142b9488bf85099cade21ff"},"headline":"HARRY POTTER\u2122: THE EXHIBITION ABRIR\u00c1 SUS PUERTAS EN BARCELONA ESTE OTO\u00d1O","datePublished":"2023-06-13T14:52:00+00:00","dateModified":"2023-11-29T08:10:49+00:00","mainEntityOfPage":{"@id":"https:\/\/harrypotterexhibition.com\/press\/harry-potter-the-exhibition-abrira-sus-puertas-en-barcelona-este-otono\/"},"wordCount":1350,"publisher":{"@id":"https:\/\/harrypotterexhibition.com\/zh\/#organization"},"articleSection":["Barcelona"],"inLanguage":"cs"},{"@type":"WebPage","@id":"https:\/\/harrypotterexhibition.com\/press\/harry-potter-the-exhibition-abrira-sus-puertas-en-barcelona-este-otono\/","url":"https:\/\/harrypotterexhibition.com\/press\/harry-potter-the-exhibition-abrira-sus-puertas-en-barcelona-este-otono\/","name":"HARRY POTTER\u2122: THE EXHIBITION ABRIR\u00c1 SUS PUERTAS EN BARCELONA ESTE OTO\u00d1O | Harry Potter\u2122: The Exhibition","isPartOf":{"@id":"https:\/\/harrypotterexhibition.com\/zh\/#website"},"datePublished":"2023-06-13T14:52:00+00:00","dateModified":"2023-11-29T08:10:49+00:00","breadcrumb":{"@id":"https:\/\/harrypotterexhibition.com\/press\/harry-potter-the-exhibition-abrira-sus-puertas-en-barcelona-este-otono\/#breadcrumb"},"inLanguage":"cs","potentialAction":[{"@type":"ReadAction","target":["https:\/\/harrypotterexhibition.com\/press\/harry-potter-the-exhibition-abrira-sus-puertas-en-barcelona-este-otono\/"]}]},{"@type":"BreadcrumbList","@id":"https:\/\/harrypotterexhibition.com\/press\/harry-potter-the-exhibition-abrira-sus-puertas-en-barcelona-este-otono\/#breadcrumb","itemListElement":[{"@type":"ListItem","position":1,"name":"Home","item":"https:\/\/harrypotterexhibition.com\/"},{"@type":"ListItem","position":2,"name":"HARRY POTTER\u2122: THE EXHIBITION ABRIR\u00c1 SUS PUERTAS EN BARCELONA ESTE OTO\u00d1O"}]},{"@type":"WebSite","@id":"https:\/\/harrypotterexhibition.com\/zh\/#website","url":"https:\/\/harrypotterexhibition.com\/zh\/","name":"Harry Potter\u2122: The Exhibition","description":"","publisher":{"@id":"https:\/\/harrypotterexhibition.com\/zh\/#organization"},"potentialAction":[{"@type":"SearchAction","target":{"@type":"EntryPoint","urlTemplate":"https:\/\/harrypotterexhibition.com\/zh\/?s={search_term_string}"},"query-input":{"@type":"PropertyValueSpecification","valueRequired":true,"valueName":"search_term_string"}}],"inLanguage":"cs"},{"@type":"Organization","@id":"https:\/\/harrypotterexhibition.com\/zh\/#organization","name":"Harry Potter\u2122: The Exhibition","url":"https:\/\/harrypotterexhibition.com\/zh\/","logo":{"@type":"ImageObject","inLanguage":"cs","@id":"https:\/\/harrypotterexhibition.com\/zh\/#\/schema\/logo\/image\/","url":"https:\/\/harrypotterexhibition.com\/wp-content\/uploads\/2023\/09\/HPX-Footer-Logo.png","contentUrl":"https:\/\/harrypotterexhibition.com\/wp-content\/uploads\/2023\/09\/HPX-Footer-Logo.png","width":573,"height":501,"caption":"Harry Potter\u2122: The Exhibition"},"image":{"@id":"https:\/\/harrypotterexhibition.com\/zh\/#\/schema\/logo\/image\/"}},{"@type":"Person","@id":"https:\/\/harrypotterexhibition.com\/zh\/#\/schema\/person\/05e9d8a1d142b9488bf85099cade21ff","name":"fad-admin","sameAs":["http:\/\/fad.dock\/"]}]}},"_links":{"self":[{"href":"https:\/\/harrypotterexhibition.com\/cs\/wp-json\/wp\/v2\/posts\/2302","targetHints":{"allow":["GET"]}}],"collection":[{"href":"https:\/\/harrypotterexhibition.com\/cs\/wp-json\/wp\/v2\/posts"}],"about":[{"href":"https:\/\/harrypotterexhibition.com\/cs\/wp-json\/wp\/v2\/types\/post"}],"author":[{"embeddable":true,"href":"https:\/\/harrypotterexhibition.com\/cs\/wp-json\/wp\/v2\/users\/1"}],"replies":[{"embeddable":true,"href":"https:\/\/harrypotterexhibition.com\/cs\/wp-json\/wp\/v2\/comments?post=2302"}],"version-history":[{"count":3,"href":"https:\/\/harrypotterexhibition.com\/cs\/wp-json\/wp\/v2\/posts\/2302\/revisions"}],"predecessor-version":[{"id":2627,"href":"https:\/\/harrypotterexhibition.com\/cs\/wp-json\/wp\/v2\/posts\/2302\/revisions\/2627"}],"wp:attachment":[{"href":"https:\/\/harrypotterexhibition.com\/cs\/wp-json\/wp\/v2\/media?parent=2302"}],"wp:term":[{"taxonomy":"category","embeddable":true,"href":"https:\/\/harrypotterexhibition.com\/cs\/wp-json\/wp\/v2\/categories?post=2302"},{"taxonomy":"post_tag","embeddable":true,"href":"https:\/\/harrypotterexhibition.com\/cs\/wp-json\/wp\/v2\/tags?post=2302"}],"curies":[{"name":"wp","href":"https:\/\/api.w.org\/{rel}","templated":true}]}}